{"id":210,"date":"2023-09-05T20:50:10","date_gmt":"2023-09-05T20:50:10","guid":{"rendered":"http:\/\/www.stimmbande.at\/?p=210"},"modified":"2023-09-05T20:50:10","modified_gmt":"2023-09-05T20:50:10","slug":"nur-noch-ein-heurigen-auftritt-2023","status":"publish","type":"post","link":"https:\/\/www.stimmbande.at\/index.php\/2023\/09\/05\/nur-noch-ein-heurigen-auftritt-2023\/","title":{"rendered":"Nur noch ein Heurigen-Auftritt 2023"},"content":{"rendered":"\n<p>So schnell vergeht der Sommer und kommenden Sa, am 9.9. um 19h beenden wir unsere Heurigen-Saison mit einem Auftritt bei MARIELL &#8211; Wein und Genussmomente in Gro\u00dfh\u00f6flein. Vielleicht machen euch die Fotos vom vergangenen Samstag beim Heurigen Raser-Bayer in H\u00f6flein Appetit auf einen gem\u00fctlichen Abend mit a cappella-Pop. Aufgrund eines heftigen Regengusses mussten wir unser Programm f\u00fcr eine Weile unterbrechen, aber dann ging es unter blauem Himmel weiter.<\/p>\n\n\n\n<figure class=\"wp-block-image size-large\"><img loading=\"lazy\" decoding=\"async\" width=\"768\" height=\"1024\" src=\"https:\/\/www.stimmbande.at\/wp-content\/uploads\/2023\/09\/2c0fd4dd-cca0-482f-be43-9571206df7cf-768x1024.jpg\" alt=\"\" class=\"wp-image-211\" srcset=\"https:\/\/www.stimmbande.at\/wp-content\/uploads\/2023\/09\/2c0fd4dd-cca0-482f-be43-9571206df7cf-768x1024.jpg 768w, https:\/\/www.stimmbande.at\/wp-content\/uploads\/2023\/09\/2c0fd4dd-cca0-482f-be43-9571206df7cf-225x300.jpg 225w, https:\/\/www.stimmbande.at\/wp-content\/uploads\/2023\/09\/2c0fd4dd-cca0-482f-be43-9571206df7cf-1152x1536.jpg 1152w, https:\/\/www.stimmbande.at\/wp-content\/uploads\/2023\/09\/2c0fd4dd-cca0-482f-be43-9571206df7cf.jpg 1536w\" sizes=\"auto, (max-width: 706px) 89vw, (max-width: 767px) 82vw, 740px\" \/><\/figure>\n\n\n\n<figure class=\"wp-block-image size-large\"><img loading=\"lazy\" decoding=\"async\" width=\"1024\" height=\"683\" src=\"https:\/\/www.stimmbande.at\/wp-content\/uploads\/2023\/09\/DSC_8874-1024x683.jpg\" alt=\"\" class=\"wp-image-212\" srcset=\"https:\/\/www.stimmbande.at\/wp-content\/uploads\/2023\/09\/DSC_8874-1024x683.jpg 1024w, https:\/\/www.stimmbande.at\/wp-content\/uploads\/2023\/09\/DSC_8874-300x200.jpg 300w, https:\/\/www.stimmbande.at\/wp-content\/uploads\/2023\/09\/DSC_8874-768x512.jpg 768w, https:\/\/www.stimmbande.at\/wp-content\/uploads\/2023\/09\/DSC_8874-1536x1025.jpg 1536w, https:\/\/www.stimmbande.at\/wp-content\/uploads\/2023\/09\/DSC_8874-2048x1367.jpg 2048w\" sizes=\"auto, (max-width: 706px) 89vw, (max-width: 767px) 82vw, 740px\" \/><\/figure>\n\n\n\n<figure class=\"wp-block-image size-large\"><img loading=\"lazy\" decoding=\"async\" width=\"1024\" height=\"683\" src=\"https:\/\/www.stimmbande.at\/wp-content\/uploads\/2023\/09\/DSC_8884-1024x683.jpg\" alt=\"\" class=\"wp-image-213\" srcset=\"https:\/\/www.stimmbande.at\/wp-content\/uploads\/2023\/09\/DSC_8884-1024x683.jpg 1024w, https:\/\/www.stimmbande.at\/wp-content\/uploads\/2023\/09\/DSC_8884-300x200.jpg 300w, https:\/\/www.stimmbande.at\/wp-content\/uploads\/2023\/09\/DSC_8884-768x512.jpg 768w, https:\/\/www.stimmbande.at\/wp-content\/uploads\/2023\/09\/DSC_8884-1536x1025.jpg 1536w, https:\/\/www.stimmbande.at\/wp-content\/uploads\/2023\/09\/DSC_8884-2048x1367.jpg 2048w\" sizes=\"auto, (max-width: 706px) 89vw, (max-width: 767px) 82vw, 740px\" \/><\/figure>\n\n\n\n<figure class=\"wp-block-image size-large\"><img loading=\"lazy\" decoding=\"async\" width=\"1024\" height=\"683\" src=\"https:\/\/www.stimmbande.at\/wp-content\/uploads\/2023\/09\/DSC_8899-1024x683.jpg\" alt=\"\" class=\"wp-image-214\" srcset=\"https:\/\/www.stimmbande.at\/wp-content\/uploads\/2023\/09\/DSC_8899-1024x683.jpg 1024w, https:\/\/www.stimmbande.at\/wp-content\/uploads\/2023\/09\/DSC_8899-300x200.jpg 300w, https:\/\/www.stimmbande.at\/wp-content\/uploads\/2023\/09\/DSC_8899-768x512.jpg 768w, https:\/\/www.stimmbande.at\/wp-content\/uploads\/2023\/09\/DSC_8899-1536x1025.jpg 1536w, https:\/\/www.stimmbande.at\/wp-content\/uploads\/2023\/09\/DSC_8899-2048x1367.jpg 2048w\" sizes=\"auto, (max-width: 706px) 89vw, (max-width: 767px) 82vw, 740px\" \/><\/figure>\n\n\n\n<figure class=\"wp-block-image size-large\"><img loading=\"lazy\" decoding=\"async\" width=\"1024\" height=\"683\" src=\"https:\/\/www.stimmbande.at\/wp-content\/uploads\/2023\/09\/DSC_8883-1024x683.jpg\" alt=\"\" class=\"wp-image-215\" srcset=\"https:\/\/www.stimmbande.at\/wp-content\/uploads\/2023\/09\/DSC_8883-1024x683.jpg 1024w, https:\/\/www.stimmbande.at\/wp-content\/uploads\/2023\/09\/DSC_8883-300x200.jpg 300w, https:\/\/www.stimmbande.at\/wp-content\/uploads\/2023\/09\/DSC_8883-768x512.jpg 768w, https:\/\/www.stimmbande.at\/wp-content\/uploads\/2023\/09\/DSC_8883-1536x1025.jpg 1536w, https:\/\/www.stimmbande.at\/wp-content\/uploads\/2023\/09\/DSC_8883-2048x1367.jpg 2048w\" sizes=\"auto, (max-width: 706px) 89vw, (max-width: 767px) 82vw, 740px\" \/><\/figure>\n","protected":false},"excerpt":{"rendered":"<p>So schnell vergeht der Sommer und kommenden Sa, am 9.9. um 19h beenden wir unsere Heurigen-Saison mit einem Auftritt bei MARIELL &#8211; Wein und Genussmomente in Gro\u00dfh\u00f6flein. Vielleicht machen euch die Fotos vom vergangenen Samstag beim Heurigen Raser-Bayer in H\u00f6flein Appetit auf einen gem\u00fctlichen Abend mit a cappella-Pop. Aufgrund eines heftigen Regengusses mussten wir unser &hellip; <\/p>\n<p class=\"link-more\"><a href=\"https:\/\/www.stimmbande.at\/index.php\/2023\/09\/05\/nur-noch-ein-heurigen-auftritt-2023\/\" class=\"more-link\"><span class=\"screen-reader-text\">\u201eNur noch ein Heurigen-Auftritt 2023\u201c<\/span> weiterlesen<\/a><\/p>\n","protected":false},"author":1,"featured_media":0,"comment_status":"open","ping_status":"open","sticky":false,"template":"","format":"standard","meta":{"footnotes":""},"categories":[1],"tags":[],"class_list":["post-210","post","type-post","status-publish","format-standard","hentry","category-uncategorized"],"_links":{"self":[{"href":"https:\/\/www.stimmbande.at\/index.php\/wp-json\/wp\/v2\/posts\/210","targetHints":{"allow":["GET"]}}],"collection":[{"href":"https:\/\/www.stimmbande.at\/index.php\/wp-json\/wp\/v2\/posts"}],"about":[{"href":"https:\/\/www.stimmbande.at\/index.php\/wp-json\/wp\/v2\/types\/post"}],"author":[{"embeddable":true,"href":"https:\/\/www.stimmbande.at\/index.php\/wp-json\/wp\/v2\/users\/1"}],"replies":[{"embeddable":true,"href":"https:\/\/www.stimmbande.at\/index.php\/wp-json\/wp\/v2\/comments?post=210"}],"version-history":[{"count":1,"href":"https:\/\/www.stimmbande.at\/index.php\/wp-json\/wp\/v2\/posts\/210\/revisions"}],"predecessor-version":[{"id":216,"href":"https:\/\/www.stimmbande.at\/index.php\/wp-json\/wp\/v2\/posts\/210\/revisions\/216"}],"wp:attachment":[{"href":"https:\/\/www.stimmbande.at\/index.php\/wp-json\/wp\/v2\/media?parent=210"}],"wp:term":[{"taxonomy":"category","embeddable":true,"href":"https:\/\/www.stimmbande.at\/index.php\/wp-json\/wp\/v2\/categories?post=210"},{"taxonomy":"post_tag","embeddable":true,"href":"https:\/\/www.stimmbande.at\/index.php\/wp-json\/wp\/v2\/tags?post=210"}],"curies":[{"name":"wp","href":"https:\/\/api.w.org\/{rel}","templated":true}]}}