{"id":173,"date":"2022-07-25T13:02:50","date_gmt":"2022-07-25T13:02:50","guid":{"rendered":"http:\/\/www.stimmbande.at\/?p=173"},"modified":"2022-07-25T13:02:50","modified_gmt":"2022-07-25T13:02:50","slug":"die-stimmbande-im-heurigen-2022","status":"publish","type":"post","link":"https:\/\/www.stimmbande.at\/index.php\/2022\/07\/25\/die-stimmbande-im-heurigen-2022\/","title":{"rendered":"Die Stimmbande im Heurigen 2022"},"content":{"rendered":"\n<p>Nun haben wir wieder zwei Heurigen-Auftritte erfolgreich hinter uns gebracht. Am 23. Juli waren wir im Kirnerhof in Kleinh\u00f6flein zu Gast und am 24. Juli beim Mariell in Gro\u00dfh\u00f6flein. Wir boten dem Publikum ein buntes a cappella-Programm bei Sommersonne, Speis und Trank. Danke f\u00fcr euer Kommen und vielleicht auf ein baldiges Wiedersehen! Vielen Dank auch an alle G\u00e4ste, die uns Fotos und Videos von den Auftritten zukommen lie\u00dfen.<\/p>\n\n\n\n<figure class=\"wp-block-image size-large\"><img loading=\"lazy\" decoding=\"async\" width=\"1024\" height=\"759\" src=\"https:\/\/www.stimmbande.at\/wp-content\/uploads\/2022\/07\/IMG_1036-1024x759.jpg\" alt=\"\" class=\"wp-image-174\" srcset=\"https:\/\/www.stimmbande.at\/wp-content\/uploads\/2022\/07\/IMG_1036-1024x759.jpg 1024w, https:\/\/www.stimmbande.at\/wp-content\/uploads\/2022\/07\/IMG_1036-300x222.jpg 300w, https:\/\/www.stimmbande.at\/wp-content\/uploads\/2022\/07\/IMG_1036-768x569.jpg 768w, https:\/\/www.stimmbande.at\/wp-content\/uploads\/2022\/07\/IMG_1036.jpg 1418w\" sizes=\"auto, (max-width: 706px) 89vw, (max-width: 767px) 82vw, 740px\" \/><figcaption>Kirnerhof 23.7.22<br><br><br><\/figcaption><\/figure>\n\n\n\n<figure class=\"wp-block-image size-large\"><img loading=\"lazy\" decoding=\"async\" width=\"1024\" height=\"768\" src=\"https:\/\/www.stimmbande.at\/wp-content\/uploads\/2022\/07\/Foto-24.07.22-18-09-56-1024x768.jpg\" alt=\"\" class=\"wp-image-175\" srcset=\"https:\/\/www.stimmbande.at\/wp-content\/uploads\/2022\/07\/Foto-24.07.22-18-09-56-1024x768.jpg 1024w, https:\/\/www.stimmbande.at\/wp-content\/uploads\/2022\/07\/Foto-24.07.22-18-09-56-300x225.jpg 300w, https:\/\/www.stimmbande.at\/wp-content\/uploads\/2022\/07\/Foto-24.07.22-18-09-56-768x576.jpg 768w, https:\/\/www.stimmbande.at\/wp-content\/uploads\/2022\/07\/Foto-24.07.22-18-09-56-1536x1152.jpg 1536w, https:\/\/www.stimmbande.at\/wp-content\/uploads\/2022\/07\/Foto-24.07.22-18-09-56-2048x1536.jpg 2048w\" sizes=\"auto, (max-width: 706px) 89vw, (max-width: 767px) 82vw, 740px\" \/><figcaption>Mariell 24.7.22<\/figcaption><\/figure>\n\n\n\n<figure class=\"wp-block-image size-large\"><img loading=\"lazy\" decoding=\"async\" width=\"768\" height=\"1024\" src=\"https:\/\/www.stimmbande.at\/wp-content\/uploads\/2022\/07\/Foto-24.07.22-18-15-39-768x1024.jpg\" alt=\"\" class=\"wp-image-176\" srcset=\"https:\/\/www.stimmbande.at\/wp-content\/uploads\/2022\/07\/Foto-24.07.22-18-15-39-768x1024.jpg 768w, https:\/\/www.stimmbande.at\/wp-content\/uploads\/2022\/07\/Foto-24.07.22-18-15-39-225x300.jpg 225w, https:\/\/www.stimmbande.at\/wp-content\/uploads\/2022\/07\/Foto-24.07.22-18-15-39-1152x1536.jpg 1152w, https:\/\/www.stimmbande.at\/wp-content\/uploads\/2022\/07\/Foto-24.07.22-18-15-39-1536x2048.jpg 1536w, https:\/\/www.stimmbande.at\/wp-content\/uploads\/2022\/07\/Foto-24.07.22-18-15-39-scaled.jpg 1920w\" sizes=\"auto, (max-width: 706px) 89vw, (max-width: 767px) 82vw, 740px\" \/><\/figure>\n\n\n\n<figure class=\"wp-block-image size-large\"><img loading=\"lazy\" decoding=\"async\" width=\"1024\" height=\"768\" src=\"https:\/\/www.stimmbande.at\/wp-content\/uploads\/2022\/07\/Foto-24.07.22-18-35-42-1024x768.jpg\" alt=\"\" class=\"wp-image-177\" srcset=\"https:\/\/www.stimmbande.at\/wp-content\/uploads\/2022\/07\/Foto-24.07.22-18-35-42-1024x768.jpg 1024w, https:\/\/www.stimmbande.at\/wp-content\/uploads\/2022\/07\/Foto-24.07.22-18-35-42-300x225.jpg 300w, https:\/\/www.stimmbande.at\/wp-content\/uploads\/2022\/07\/Foto-24.07.22-18-35-42-768x576.jpg 768w, https:\/\/www.stimmbande.at\/wp-content\/uploads\/2022\/07\/Foto-24.07.22-18-35-42-1536x1152.jpg 1536w, https:\/\/www.stimmbande.at\/wp-content\/uploads\/2022\/07\/Foto-24.07.22-18-35-42-2048x1536.jpg 2048w\" sizes=\"auto, (max-width: 706px) 89vw, (max-width: 767px) 82vw, 740px\" \/><\/figure>\n\n\n\n<figure class=\"wp-block-image size-large\"><img loading=\"lazy\" decoding=\"async\" width=\"768\" height=\"1024\" src=\"https:\/\/www.stimmbande.at\/wp-content\/uploads\/2022\/07\/IMG_1054-768x1024.jpg\" alt=\"\" class=\"wp-image-178\" srcset=\"https:\/\/www.stimmbande.at\/wp-content\/uploads\/2022\/07\/IMG_1054-768x1024.jpg 768w, https:\/\/www.stimmbande.at\/wp-content\/uploads\/2022\/07\/IMG_1054-225x300.jpg 225w, https:\/\/www.stimmbande.at\/wp-content\/uploads\/2022\/07\/IMG_1054-1152x1536.jpg 1152w, https:\/\/www.stimmbande.at\/wp-content\/uploads\/2022\/07\/IMG_1054.jpg 1200w\" sizes=\"auto, (max-width: 706px) 89vw, (max-width: 767px) 82vw, 740px\" \/><\/figure>\n\n\n\n<figure class=\"wp-block-image size-large\"><img loading=\"lazy\" decoding=\"async\" width=\"900\" height=\"1024\" src=\"https:\/\/www.stimmbande.at\/wp-content\/uploads\/2022\/07\/IMG_1057-900x1024.jpg\" alt=\"\" class=\"wp-image-179\" srcset=\"https:\/\/www.stimmbande.at\/wp-content\/uploads\/2022\/07\/IMG_1057-900x1024.jpg 900w, https:\/\/www.stimmbande.at\/wp-content\/uploads\/2022\/07\/IMG_1057-264x300.jpg 264w, https:\/\/www.stimmbande.at\/wp-content\/uploads\/2022\/07\/IMG_1057-768x874.jpg 768w, https:\/\/www.stimmbande.at\/wp-content\/uploads\/2022\/07\/IMG_1057.jpg 1113w\" sizes=\"auto, (max-width: 706px) 89vw, (max-width: 767px) 82vw, 740px\" \/><\/figure>\n","protected":false},"excerpt":{"rendered":"<p>Nun haben wir wieder zwei Heurigen-Auftritte erfolgreich hinter uns gebracht. Am 23. Juli waren wir im Kirnerhof in Kleinh\u00f6flein zu Gast und am 24. Juli beim Mariell in Gro\u00dfh\u00f6flein. Wir boten dem Publikum ein buntes a cappella-Programm bei Sommersonne, Speis und Trank. Danke f\u00fcr euer Kommen und vielleicht auf ein baldiges Wiedersehen! Vielen Dank auch &hellip; <\/p>\n<p class=\"link-more\"><a href=\"https:\/\/www.stimmbande.at\/index.php\/2022\/07\/25\/die-stimmbande-im-heurigen-2022\/\" class=\"more-link\"><span class=\"screen-reader-text\">\u201eDie Stimmbande im Heurigen 2022\u201c<\/span> weiterlesen<\/a><\/p>\n","protected":false},"author":1,"featured_media":0,"comment_status":"open","ping_status":"open","sticky":false,"template":"","format":"standard","meta":{"footnotes":""},"categories":[1],"tags":[],"class_list":["post-173","post","type-post","status-publish","format-standard","hentry","category-uncategorized"],"_links":{"self":[{"href":"https:\/\/www.stimmbande.at\/index.php\/wp-json\/wp\/v2\/posts\/173","targetHints":{"allow":["GET"]}}],"collection":[{"href":"https:\/\/www.stimmbande.at\/index.php\/wp-json\/wp\/v2\/posts"}],"about":[{"href":"https:\/\/www.stimmbande.at\/index.php\/wp-json\/wp\/v2\/types\/post"}],"author":[{"embeddable":true,"href":"https:\/\/www.stimmbande.at\/index.php\/wp-json\/wp\/v2\/users\/1"}],"replies":[{"embeddable":true,"href":"https:\/\/www.stimmbande.at\/index.php\/wp-json\/wp\/v2\/comments?post=173"}],"version-history":[{"count":1,"href":"https:\/\/www.stimmbande.at\/index.php\/wp-json\/wp\/v2\/posts\/173\/revisions"}],"predecessor-version":[{"id":180,"href":"https:\/\/www.stimmbande.at\/index.php\/wp-json\/wp\/v2\/posts\/173\/revisions\/180"}],"wp:attachment":[{"href":"https:\/\/www.stimmbande.at\/index.php\/wp-json\/wp\/v2\/media?parent=173"}],"wp:term":[{"taxonomy":"category","embeddable":true,"href":"https:\/\/www.stimmbande.at\/index.php\/wp-json\/wp\/v2\/categories?post=173"},{"taxonomy":"post_tag","embeddable":true,"href":"https:\/\/www.stimmbande.at\/index.php\/wp-json\/wp\/v2\/tags?post=173"}],"curies":[{"name":"wp","href":"https:\/\/api.w.org\/{rel}","templated":true}]}}